{"id":30,"date":"2019-10-02T13:52:55","date_gmt":"2019-10-02T13:52:55","guid":{"rendered":"http:\/\/www.feuerwehr-ersrode.de\/Wordpress\/2019\/10\/02\/datenschutz\/"},"modified":"2022-03-31T21:59:56","modified_gmt":"2022-03-31T21:59:56","slug":"datenschutz","status":"publish","type":"post","link":"https:\/\/www.feuerwehr-ersrode.de\/Wordpress\/2019\/10\/02\/datenschutz\/","title":{"rendered":"Datenschutz"},"content":{"rendered":"<p class=\"tiny_p\"><strong>Allgemeines<\/strong><\/p>\n<p class=\"tiny_p\">\n<p class=\"tiny_p\">Diese Datenschutzerkl\u00e4rung soll die Nutzer der Internetseite \u00fcber Art, Umfang und Zweck der Erhebung und Verwendung von personenbezogenen Daten durch den Webseitenbetreiber informieren.<\/p>\n<p class=\"tiny_p\">\n<p class=\"tiny_p\">Wir als Webseitenbetreiber nehmen den Datenschutz sehr ernst und behandeln Ihre personenbezogenen Daten vertraulich und nur nach den gesetzlichen Vorschriften. Wir empfehlen Ihnen unsere Datenschutzerkl\u00e4rung in regelm\u00e4\u00dfigen Abst\u00e4nden zu lesen, da sich diese, durch eine st\u00e4ndige Weiterentwicklung unserer Internetseite oder Angebote bzw. durch gesetzliche oder beh\u00f6rdlichen Vorgaben, auch \u00e4ndern kann.<\/p>\n<p class=\"tiny_p\">\n<p class=\"tiny_p\">In dieser Datenschutzerkl\u00e4rung nutzen wir Begriffe (z.B. \u201cpersonenbezogene Daten\u201d oder \u201cVerarbeitung\u201d), die in Art. 4 der DS-GVO definiert sind.<\/p>\n<p class=\"tiny_p\">\n<p class=\"tiny_p\"><strong>Zugriffsdaten<\/strong><\/p>\n<p class=\"tiny_p\">\n<p class=\"tiny_p\">Auf Grund unseres berechtigten Interesses (s. Art. 6 Abs. 1 lit. f. DS-GVO) erheben wir Daten \u00fcber die Zugriffe auf unserer Webseite und speichern diese in den Log-Dateien des Servers.<\/p>\n<p class=\"tiny_p\">\n<p class=\"tiny_p\">Folgende Daten werden so protokolliert:<\/p>\n<ul>\n<li>Angefragte Seite<\/li>\n<li>Referrer URL<\/li>\n<li>Datum und Uhrzeit der Serveranfrage<\/li>\n<li>Status der Serverabfrage<\/li>\n<li>\u00fcbertragende Datenmenge<\/li>\n<li>IP-Adresse<\/li>\n<li>User-Agent (Browser &amp; Betriebssystem)<\/li>\n<\/ul>\n<p class=\"tiny_p\">\n<p class=\"tiny_p\">Diese Log-Dateien werden f\u00fcr maximal 7 Tage gespeichert und anschlie\u00dfend gel\u00f6scht. Die Speicherung der Daten erfolgt allein aus Sicherheitsgr\u00fcnden, um z. B. Missbrauchsf\u00e4lle aufkl\u00e4ren zu k\u00f6nnen und werden nicht mit anderen Datenquellen zusammengef\u00fchrt. M\u00fcssen Daten aus Beweisgr\u00fcnden aufgehoben werden, sind sie solange von der L\u00f6schung ausgenommen bis der Vorfall endg\u00fcltig gekl\u00e4rt ist. Gleiche Einstellungen und Regeln gelten auch f\u00fcr die Server, die zu dem Backend-System unserers Webseiten-Provider geh\u00f6ren.<\/p>\n<p class=\"tiny_p\">\n<p class=\"tiny_p\"><strong>Erfassung und Verarbeitung personenbezogener Daten<\/strong><\/p>\n<p class=\"tiny_p\">\n<p class=\"tiny_p\">Die Nutzung unserer Internetseite ist ohne Angabe personenbezogener Daten m\u00f6glich.<\/p>\n<p class=\"tiny_p\">\n<p class=\"tiny_p\"><strong>Umgang mit Kontaktdaten<\/strong><\/p>\n<p class=\"tiny_p\">\n<p class=\"tiny_p\">Nehmen Sie durch die angebotenen Kontaktm\u00f6glichkeiten Verbindung mit uns auf, werden Ihre Angaben zur Bearbeitung und Beantwortung Ihrer Anfrage verarbeitet. Ohne Ihre Einwilligung werden diese Daten nicht an Dritte weitergegeben.<\/p>\n<p class=\"tiny_p\">\n<p class=\"tiny_p\"><strong>Umgang mit Kommentaren, Beitr\u00e4gen und Formularen<\/strong><\/p>\n<p class=\"tiny_p\">\n<p class=\"tiny_p\">Sollten Sie auf dieser Webseite Beitr\u00e4ge oder Kommentare verfassen, wird unter Umst\u00e4nden Ihre IP-Adresse gespeichert. Dies erfolgt aufgrund berechtigten Interesses im Sinne des Art. 6 Abs. 1 lit. f. DSGVO und dient der Sicherheit von uns als Betreiber dieser Webseite. Sollte Ihr Kommentar oder Beitrag gegen geltendes Recht versto\u00dfen, k\u00f6nnen wir als Betreiber daf\u00fcr belangt werden, weshalb wir ein Interesse an der Identit\u00e4t des eigentlichen Autors haben.<\/p>\n<p class=\"tiny_p\">\n<p class=\"tiny_p\"><strong>Google Web Fonts<\/strong><\/p>\n<p class=\"tiny_p\">\n<p class=\"tiny_p\">Zur einheitlichen Darstellung von Schriftarten kann diese Webseite die sogenannten Google Web Fonts nutzen. Bei Verwendung dieser Fonts l\u00e4dt Ihr Browser dabei ben\u00f6tigte Schriftarten von unserem Webseitensystem herunter und speichert diese im sogenannten Browsercache zwischen, um die Schriftarten korrekt anzuzeigen. Dabei wird von Ihrem Browser <u>keine<\/u> Verbindung zu den Servern von Google hergestellt, sodass Google <u>keine<\/u> Kenntnis \u00fcber den Aufruf oder Ihre IP-Adresse erlangt.<\/p>\n<p class=\"tiny_p\">\n<p class=\"tiny_p\"><strong>Rechte des Nutzers<\/strong><\/p>\n<p class=\"tiny_p\">\n<p class=\"tiny_p\">Als Nutzer haben Sie das Recht, auf Antrag eine kostenlose Auskunft dar\u00fcber zu erhalten, welche personenbezogenen Daten \u00fcber Sie gespeichert wurden. Au\u00dferdem haben Sie das Recht auf Berichtigung falscher Daten und auf die Verarbeitungseinschr\u00e4nkung oder L\u00f6schung Ihrer personenbezogenen Daten. Falls zutreffend, k\u00f6nnen Sie auch Ihr Recht aus Datenportabilit\u00e4t geltend machen, soweit dies technisch m\u00f6glich ist und hiervon nicht die Rechte und Freiheiten anderer Personen beeintr\u00e4chtigt werden. Sollten Sie annehmen, dass Ihre Daten unrechtm\u00e4\u00dfig verarbeitet wurden, k\u00f6nnen Sie eine Beschwerde bei der zust\u00e4ndigen Aufsichtsbeh\u00f6rde einreichen.<\/p>\n<p class=\"tiny_p\">\n<p class=\"tiny_p\"><strong>L\u00f6schung von Daten<\/strong><\/p>\n<p class=\"tiny_p\">\n<p class=\"tiny_p\">Als Nutzer haben Sie ein Anrecht auf L\u00f6schung Ihrer Daten, sofern dies nicht mit einer gesetzlichen Pflicht zur Aufbewahrung von Daten kollidiert. Von uns gespeicherte Daten werden gel\u00f6scht, sollten diese f\u00fcr ihre Zweckbestimmung nicht mehr notwendig sein oder es keine gesetzliche Aufbewahrungsfristen gibt. Falls eine L\u00f6schung nicht m\u00f6glich ist, da die Daten f\u00fcr zul\u00e4ssige gesetzliche Zwecke erforderlich sind, erfolgt eine Einschr\u00e4nkung der Datenverarbeitung. In diesem Fall werden die Daten gesperrt und nicht mehr f\u00fcr andere Zwecke verarbeitet.<\/p>\n<p class=\"tiny_p\">\n<p class=\"tiny_p\"><strong>Widerspruchsrecht<\/strong><\/p>\n<p class=\"tiny_p\">\n<p class=\"tiny_p\">Nutzer dieser Webseite k\u00f6nnen von ihrem Widerspruchsrecht Gebrauch machen und der Verarbeitung ihrer personenbezogenen Daten zu jeder Zeit widersprechen.<\/p>\n<p class=\"tiny_p\">\n<p class=\"tiny_p\">Wenn Sie eine Berichtigung, Sperrung, L\u00f6schung oder Auskunft \u00fcber die zu Ihrer Person gespeicherten personenbezogenen Daten w\u00fcnschen oder Fragen bzgl. der Erhebung, Verarbeitung oder Verwendung Ihrer personenbezogenen Daten haben oder erteilte Einwilligungen widerrufen m\u00f6chten, wenden Sie sich bitte an einen Mitarbeiter unter den oben angegebenen Kontaktdaten.<\/p>\n","protected":false},"excerpt":{"rendered":"<p>Allgemeines Diese Datenschutzerkl\u00e4rung soll die Nutzer der Internetseite \u00fcber Art, Umfang und Zweck der Erhebung und Verwendung von personenbezogenen Daten<\/p>\n","protected":false},"author":1,"featured_media":0,"comment_status":"open","ping_status":"open","sticky":false,"template":"","format":"standard","meta":{"footnotes":""},"categories":[11],"tags":[],"class_list":["post-30","post","type-post","status-publish","format-standard","hentry","category-ueber-uns"],"_links":{"self":[{"href":"https:\/\/www.feuerwehr-ersrode.de\/Wordpress\/wp-json\/wp\/v2\/posts\/30","targetHints":{"allow":["GET"]}}],"collection":[{"href":"https:\/\/www.feuerwehr-ersrode.de\/Wordpress\/wp-json\/wp\/v2\/posts"}],"about":[{"href":"https:\/\/www.feuerwehr-ersrode.de\/Wordpress\/wp-json\/wp\/v2\/types\/post"}],"author":[{"embeddable":true,"href":"https:\/\/www.feuerwehr-ersrode.de\/Wordpress\/wp-json\/wp\/v2\/users\/1"}],"replies":[{"embeddable":true,"href":"https:\/\/www.feuerwehr-ersrode.de\/Wordpress\/wp-json\/wp\/v2\/comments?post=30"}],"version-history":[{"count":1,"href":"https:\/\/www.feuerwehr-ersrode.de\/Wordpress\/wp-json\/wp\/v2\/posts\/30\/revisions"}],"predecessor-version":[{"id":75,"href":"https:\/\/www.feuerwehr-ersrode.de\/Wordpress\/wp-json\/wp\/v2\/posts\/30\/revisions\/75"}],"wp:attachment":[{"href":"https:\/\/www.feuerwehr-ersrode.de\/Wordpress\/wp-json\/wp\/v2\/media?parent=30"}],"wp:term":[{"taxonomy":"category","embeddable":true,"href":"https:\/\/www.feuerwehr-ersrode.de\/Wordpress\/wp-json\/wp\/v2\/categories?post=30"},{"taxonomy":"post_tag","embeddable":true,"href":"https:\/\/www.feuerwehr-ersrode.de\/Wordpress\/wp-json\/wp\/v2\/tags?post=30"}],"curies":[{"name":"wp","href":"https:\/\/api.w.org\/{rel}","templated":true}]}}