{"id":26,"date":"2019-01-09T10:45:30","date_gmt":"2019-01-09T10:45:30","guid":{"rendered":"http:\/\/www.feuerwehr-ersrode.de\/Wordpress\/2019\/01\/09\/jahreshauptversammlung-2019\/"},"modified":"2022-03-31T22:03:47","modified_gmt":"2022-03-31T22:03:47","slug":"jahreshauptversammlung-2019","status":"publish","type":"post","link":"https:\/\/www.feuerwehr-ersrode.de\/Wordpress\/2019\/01\/09\/jahreshauptversammlung-2019\/","title":{"rendered":"Jahreshauptversammlung 2019"},"content":{"rendered":"<h1 style=\"text-align: center;\"><strong>Freiwillige Feuerwehr Ludwigsau-Ersrode e.V.&nbsp;&nbsp;&nbsp;&nbsp;&nbsp;&nbsp;&nbsp;&nbsp;&nbsp;&nbsp;&nbsp;&nbsp;<\/strong><\/h1>\n<h4 style=\"text-align: center;\"><strong>Jahreshauptversammlung 2019<\/strong><\/h4>\n<p><strong>&nbsp;&nbsp;&nbsp;&nbsp;&nbsp;&nbsp;&nbsp;&nbsp;&nbsp;&nbsp;&nbsp;&nbsp;&nbsp;&nbsp;&nbsp;&nbsp;&nbsp;&nbsp;&nbsp;&nbsp;&nbsp;&nbsp;&nbsp;&nbsp;&nbsp; <\/strong><\/p>\n<h4><strong>Einladung zur Jahreshauptversammlung<\/strong><\/h4>\n<p>Am Samstag, den 09.02.2019 findet um 19:30 Uhr die diesj\u00e4hrige,<\/p>\n<p>ordentliche Jahreshaupt-versammlung der Freiwilligen Feuerwehr Ludwigsau-Ersrode e.V. im Feuerwehrger\u00e4tehaus statt.<\/p>\n<p>Hierzu laden wir recht herzlich ein.<\/p>\n<p><strong><u>Tagesordnung:<\/u><\/strong><\/p>\n<p>1. Er\u00f6ffnung und Begr\u00fc\u00dfung<\/p>\n<p>2. Totenehrung<\/p>\n<p>3. Protokollverlesung<\/p>\n<p>4. Jahresberichte<\/p>\n<p>&nbsp;&nbsp;&nbsp; &#8211; Vorsitzender<\/p>\n<p>&nbsp;&nbsp;&nbsp; &#8211; Wehrf\u00fchrer<\/p>\n<p>&nbsp;&nbsp;&nbsp; &#8211; Jugendwart<\/p>\n<p>&nbsp;&nbsp;&nbsp; &#8211; Leiter der Bambini-Feuerwehr<\/p>\n<p>5. Kassenbericht<\/p>\n<p>6. Kassenpr\u00fcfbericht mit Entlastungsantrag<\/p>\n<p>7. Wahl der Kassenpr\u00fcfer<\/p>\n<p>8. Bef\u00f6rderungen und Ehrungen<\/p>\n<p>9. Gru\u00dfworte der G\u00e4ste<\/p>\n<p>10. Verschiedenes<\/p>\n<p>Antr\u00e4ge zur Tagesordnung und zum Punkt Verschiedenes m\u00fcssen bis sp\u00e4testens 07.02.2019 in schriftlicher Form beim 1. Vorsitzenden eingereicht werden.<\/p>\n<p>Anzug: Dienstuniform soweit vorhanden<\/p>\n<p>Mit kameradschaftlichen Gr\u00fc\u00dfen<\/p>\n<p>Marc Wolf&nbsp;&nbsp;&nbsp;&nbsp;&nbsp;&nbsp;&nbsp;&nbsp;&nbsp;&nbsp;&nbsp;&nbsp;&nbsp;&nbsp;&nbsp;&nbsp;&nbsp;&nbsp;&nbsp;&nbsp;&nbsp;&nbsp;&nbsp;&nbsp;&nbsp;&nbsp;&nbsp;&nbsp;&nbsp; &nbsp;&nbsp;&nbsp;&nbsp;&nbsp;&nbsp;&nbsp;&nbsp;&nbsp;&nbsp;&nbsp;&nbsp;&nbsp;&nbsp;&nbsp;&nbsp;&nbsp;&nbsp;&nbsp;&nbsp;&nbsp;&nbsp;&nbsp;&nbsp;&nbsp;&nbsp;&nbsp;&nbsp;&nbsp;&nbsp;&nbsp;&nbsp;&nbsp;&nbsp;&nbsp;&nbsp;&nbsp;&nbsp;&nbsp;&nbsp;&nbsp;&nbsp;&nbsp;&nbsp;&nbsp;&nbsp;&nbsp;&nbsp;&nbsp;&nbsp;&nbsp;&nbsp;&nbsp;&nbsp;&nbsp;&nbsp;&nbsp;&nbsp;&nbsp;&nbsp;&nbsp;&nbsp;&nbsp;&nbsp;&nbsp;&nbsp;&nbsp;&nbsp;&nbsp;&nbsp; Harald Bernhardt<\/p>\n<p>Wehrf\u00fchrer&nbsp;&nbsp;&nbsp;&nbsp;&nbsp;&nbsp;&nbsp;&nbsp;&nbsp;&nbsp;&nbsp;&nbsp;&nbsp;&nbsp;&nbsp;&nbsp;&nbsp;&nbsp;&nbsp;&nbsp;&nbsp;&nbsp;&nbsp;&nbsp;&nbsp;&nbsp;&nbsp; &nbsp;&nbsp;&nbsp;&nbsp;&nbsp;&nbsp;&nbsp;&nbsp;&nbsp;&nbsp;&nbsp;&nbsp;&nbsp;&nbsp;&nbsp;&nbsp;&nbsp;&nbsp;&nbsp;&nbsp;&nbsp;&nbsp;&nbsp;&nbsp;&nbsp;&nbsp;&nbsp;&nbsp;&nbsp;&nbsp;&nbsp;&nbsp;&nbsp;&nbsp;&nbsp;&nbsp;&nbsp;&nbsp;&nbsp;&nbsp;&nbsp;&nbsp;&nbsp;&nbsp;&nbsp;&nbsp;&nbsp;&nbsp;&nbsp;&nbsp;&nbsp;&nbsp;&nbsp;&nbsp;&nbsp;&nbsp;&nbsp;&nbsp;&nbsp;&nbsp;&nbsp;&nbsp;&nbsp;&nbsp;&nbsp;&nbsp;&nbsp;&nbsp;&nbsp;&nbsp; 1. Vorsitzender<\/p>\n","protected":false},"excerpt":{"rendered":"<h1 style=\"text-align: center;\"><strong>Freiwillige Feuerwehr Ludwigsau-Ersrode e.V.\u00a0\u00a0\u00a0\u00a0\u00a0\u00a0\u00a0\u00a0\u00a0\u00a0\u00a0\u00a0<\/strong><\/h1>\n<h4 style=\"text-align: center;\"><strong>Jahreshauptversammlung 2019<\/strong><\/h4>\n","protected":false},"author":1,"featured_media":0,"comment_status":"open","ping_status":"open","sticky":false,"template":"","format":"standard","meta":{"footnotes":""},"categories":[6],"tags":[],"class_list":["post-26","post","type-post","status-publish","format-standard","hentry","category-verein"],"_links":{"self":[{"href":"https:\/\/www.feuerwehr-ersrode.de\/Wordpress\/wp-json\/wp\/v2\/posts\/26","targetHints":{"allow":["GET"]}}],"collection":[{"href":"https:\/\/www.feuerwehr-ersrode.de\/Wordpress\/wp-json\/wp\/v2\/posts"}],"about":[{"href":"https:\/\/www.feuerwehr-ersrode.de\/Wordpress\/wp-json\/wp\/v2\/types\/post"}],"author":[{"embeddable":true,"href":"https:\/\/www.feuerwehr-ersrode.de\/Wordpress\/wp-json\/wp\/v2\/users\/1"}],"replies":[{"embeddable":true,"href":"https:\/\/www.feuerwehr-ersrode.de\/Wordpress\/wp-json\/wp\/v2\/comments?post=26"}],"version-history":[{"count":2,"href":"https:\/\/www.feuerwehr-ersrode.de\/Wordpress\/wp-json\/wp\/v2\/posts\/26\/revisions"}],"predecessor-version":[{"id":87,"href":"https:\/\/www.feuerwehr-ersrode.de\/Wordpress\/wp-json\/wp\/v2\/posts\/26\/revisions\/87"}],"wp:attachment":[{"href":"https:\/\/www.feuerwehr-ersrode.de\/Wordpress\/wp-json\/wp\/v2\/media?parent=26"}],"wp:term":[{"taxonomy":"category","embeddable":true,"href":"https:\/\/www.feuerwehr-ersrode.de\/Wordpress\/wp-json\/wp\/v2\/categories?post=26"},{"taxonomy":"post_tag","embeddable":true,"href":"https:\/\/www.feuerwehr-ersrode.de\/Wordpress\/wp-json\/wp\/v2\/tags?post=26"}],"curies":[{"name":"wp","href":"https:\/\/api.w.org\/{rel}","templated":true}]}}